{"id":2772,"date":"2023-07-20T09:12:10","date_gmt":"2023-07-20T07:12:10","guid":{"rendered":"https:\/\/www.tirservicesrl.it\/lanno-europeo-delle-competenze-unopportunita-per-colmare-il-deficit-di-autisti-nel-settore-dei-trasporti\/"},"modified":"2023-08-09T21:18:53","modified_gmt":"2023-08-09T19:18:53","slug":"lanno-europeo-delle-competenze-unopportunita-per-colmare-il-deficit-di-autisti-nel-settore-dei-trasporti","status":"publish","type":"post","link":"https:\/\/www.tirservicesrl.it\/sk\/lanno-europeo-delle-competenze-unopportunita-per-colmare-il-deficit-di-autisti-nel-settore-dei-trasporti\/","title":{"rendered":"L&#8217;Anno Europeo delle Competenze: Un&#8217;opportunit\u00e0 per colmare il deficit di autisti nel settore dei trasporti"},"content":{"rendered":"<div class=\"bt_rc_container\"><p>L&#8217;Unione Internazionale dei Trasporti su Strada (IRU) ha sottolineato l&#8217;importanza dell&#8217;Anno Europeo delle Competenze 2023, proclamato dall&#8217;Unione Europea, come un&#8217;opportunit\u00e0 chiave per affrontare la carenza di autisti nel settore dei trasporti su strada. Attualmente, l&#8217;Europa \u00e8 a corto di circa 600.000 autisti, un numero che potrebbe raggiungere quasi 2 milioni entro il 2026 se le tendenze attuali persistono.<\/p>\n<p>L&#8217;Anno Europeo delle Competenze mira a sostenere le aziende, soprattutto le PMI, nell&#8217;affrontare la carenza di competenze in Europa. Questo sar\u00e0 realizzato attraverso la riqualificazione e l&#8217;aggiornamento delle competenze, fornendo ai lavoratori qualificati maggiori opportunit\u00e0 di lavoro e una partecipazione pi\u00f9 attiva alla societ\u00e0.<\/p>\n<p>L&#8217;IRU vede questo come un momento cruciale per mobilitare istituzioni e aziende nella lotta alla carenza di autisti professionali. Raluca Marian, Direttrice dell&#8217;Advocacy UE dell&#8217;IRU, ha sottolineato l&#8217;importanza di promuovere la riqualificazione e il miglioramento delle competenze per aumentare la competitivit\u00e0 delle imprese e realizzare le transizioni digitali e verdi. Ha anche enfatizzato la necessit\u00e0 di coinvolgere un numero maggiore di persone, in particolare donne e giovani, nel mercato del lavoro.<\/p>\n<p><strong>L&#8217;IRU sostiene che la rivoluzione digitale e dell&#8217;automazione in corso offre un&#8217;opportunit\u00e0 ideale per il settore dei trasporti su strada per migliorare la sua attrattivit\u00e0 tra i giovani europei. Questo pu\u00f2 essere combinato con la revisione in corso della direttiva UE sulla patente di guida, permettendo all&#8217;UE di investire nella formazione e di collegare opportunit\u00e0 e competenze.<\/strong><\/p>\n<p>Inoltre, l&#8217;IRU sostiene che la transizione verde potrebbe creare fino a un milione di posti di lavoro in pi\u00f9 nell&#8217;UE entro il 2030. Tuttavia, molte aziende stanno lottando per trovare lavoratori con le giuste competenze. L&#8217;IRU chiede una revisione della direttiva sulle patenti per attrarre, formare e scambiare patenti di guida e certificati di idoneit\u00e0 professionale di Paesi terzi, garantendo nel contempo il pieno rispetto dei diritti dei suoi conducenti.<\/p>\n<\/div>","protected":false},"excerpt":{"rendered":"<p>L&#8217;IRU sottolinea l&#8217;importanza dell&#8217;Anno Europeo delle Competenze 2023 per affrontare la carenza di 600.000 autisti in Europa, che potrebbe raggiungere 2 milioni entro il 2026. L&#8217;IRU promuove la riqualificazione, il coinvolgimento di donne e giovani, e vede la transizione verde come un&#8217;opportunit\u00e0 di lavoro.<\/p>\n","protected":false},"author":2,"featured_media":2769,"comment_status":"closed","ping_status":"open","sticky":false,"template":"","format":"standard","meta":{"footnotes":""},"categories":[68,71],"tags":[],"class_list":["post-2772","post","type-post","status-publish","format-standard","has-post-thumbnail","hentry","category-ovladace","category-sostenibilita-sk"],"_links":{"self":[{"href":"https:\/\/www.tirservicesrl.it\/sk\/wp-json\/wp\/v2\/posts\/2772","targetHints":{"allow":["GET"]}}],"collection":[{"href":"https:\/\/www.tirservicesrl.it\/sk\/wp-json\/wp\/v2\/posts"}],"about":[{"href":"https:\/\/www.tirservicesrl.it\/sk\/wp-json\/wp\/v2\/types\/post"}],"author":[{"embeddable":true,"href":"https:\/\/www.tirservicesrl.it\/sk\/wp-json\/wp\/v2\/users\/2"}],"replies":[{"embeddable":true,"href":"https:\/\/www.tirservicesrl.it\/sk\/wp-json\/wp\/v2\/comments?post=2772"}],"version-history":[{"count":1,"href":"https:\/\/www.tirservicesrl.it\/sk\/wp-json\/wp\/v2\/posts\/2772\/revisions"}],"predecessor-version":[{"id":2774,"href":"https:\/\/www.tirservicesrl.it\/sk\/wp-json\/wp\/v2\/posts\/2772\/revisions\/2774"}],"wp:featuredmedia":[{"embeddable":true,"href":"https:\/\/www.tirservicesrl.it\/sk\/wp-json\/wp\/v2\/media\/2769"}],"wp:attachment":[{"href":"https:\/\/www.tirservicesrl.it\/sk\/wp-json\/wp\/v2\/media?parent=2772"}],"wp:term":[{"taxonomy":"category","embeddable":true,"href":"https:\/\/www.tirservicesrl.it\/sk\/wp-json\/wp\/v2\/categories?post=2772"},{"taxonomy":"post_tag","embeddable":true,"href":"https:\/\/www.tirservicesrl.it\/sk\/wp-json\/wp\/v2\/tags?post=2772"}],"curies":[{"name":"wp","href":"https:\/\/api.w.org\/{rel}","templated":true}]}}